{"id":1994,"date":"2016-06-22T10:54:11","date_gmt":"2016-06-22T08:54:11","guid":{"rendered":"https:\/\/targowekwspodnicy.pl\/?p=1994"},"modified":"2020-01-29T03:40:37","modified_gmt":"2020-01-29T02:40:37","slug":"glosuj-na-projekty-z-bp-do-24-czerwca","status":"publish","type":"post","link":"https:\/\/targowekwspodnicy.pl\/?p=1994","title":{"rendered":"G\u0142osuj na projekty z BP do 24 czerwca!"},"content":{"rendered":"<p style=\"text-align: justify;\"><strong>G\u0142osowanie trwa mi\u0119dzy 14 a 24 czerwca 2016 r. G\u0142osujemy przez internet na stronie www.twojbudzet.um.warszawa.pl lub osobi\u015bcie w wyznaczonych na terenie Targ\u00f3wka punktach. Projekty, kt\u00f3re zdob\u0119d\u0105 najwi\u0119cej g\u0142os\u00f3w, zostan\u0105 zrealizowane w 2017 roku.<\/strong><\/p>\n<p><a href=\"https:\/\/targowekwspodnicy.pl\/wp-content\/uploads\/2016\/06\/bp17-banner-fb2.jpg\" data-rel=\"lightbox-gallery-dXDVvkny\" data-rl_title=\"\" data-rl_caption=\"\" title=\"\"><img decoding=\"async\" class=\" size-full wp-image-1995 aligncenter\" src=\"https:\/\/targowekwspodnicy.pl\/wp-content\/uploads\/2016\/06\/bp17-banner-fb2.jpg\" alt=\"bp17-banner-fb2\" width=\"828\" height=\"315\" srcset=\"https:\/\/targowekwspodnicy.pl\/wp-content\/uploads\/2016\/06\/bp17-banner-fb2.jpg 828w, https:\/\/targowekwspodnicy.pl\/wp-content\/uploads\/2016\/06\/bp17-banner-fb2-300x114.jpg 300w\" sizes=\"(max-width: 828px) 100vw, 828px\" \/><\/a><\/p>\n<p style=\"text-align: justify;\">Dodatkowo zapraszamy na Dy\u017cury Partycypacyjne Stowarzyszenia Targ\u00f3wek w sp\u00f3dnicy. Celem dy\u017cur\u00f3w jest zach\u0119canie do idei Bud\u017cetu partycypacyjnego oraz pomoc w elektronicznym g\u0142osowaniu.<\/p>\n<p><a href=\"https:\/\/targowekwspodnicy.pl\/wp-content\/uploads\/2016\/06\/bp17-brodno_.jpg\" data-rel=\"lightbox-gallery-dXDVvkny\" data-rl_title=\"\" data-rl_caption=\"\" title=\"\"><img decoding=\"async\" class=\" wp-image-1996 aligncenter\" src=\"https:\/\/targowekwspodnicy.pl\/wp-content\/uploads\/2016\/06\/bp17-brodno_-619x1024.jpg\" alt=\"bp17-brodno_\" width=\"456\" height=\"755\" srcset=\"https:\/\/targowekwspodnicy.pl\/wp-content\/uploads\/2016\/06\/bp17-brodno_-619x1024.jpg 619w, https:\/\/targowekwspodnicy.pl\/wp-content\/uploads\/2016\/06\/bp17-brodno_-181x300.jpg 181w, https:\/\/targowekwspodnicy.pl\/wp-content\/uploads\/2016\/06\/bp17-brodno_.jpg 773w\" sizes=\"(max-width: 456px) 100vw, 456px\" \/><\/a><\/p>\n<p><a href=\"https:\/\/targowekwspodnicy.pl\/wp-content\/uploads\/2016\/06\/bp17-brodno-podgrodzie_.jpg\" data-rel=\"lightbox-gallery-dXDVvkny\" data-rl_title=\"\" data-rl_caption=\"\" title=\"\"><img decoding=\"async\" class=\" wp-image-1997 aligncenter\" src=\"https:\/\/targowekwspodnicy.pl\/wp-content\/uploads\/2016\/06\/bp17-brodno-podgrodzie_-638x1024.jpg\" alt=\"bp17-brodno-podgrodzie_\" width=\"482\" height=\"775\" srcset=\"https:\/\/targowekwspodnicy.pl\/wp-content\/uploads\/2016\/06\/bp17-brodno-podgrodzie_-638x1024.jpg 638w, https:\/\/targowekwspodnicy.pl\/wp-content\/uploads\/2016\/06\/bp17-brodno-podgrodzie_-187x300.jpg 187w\" sizes=\"(max-width: 482px) 100vw, 482px\" \/><\/a><\/p>\n<p><a href=\"https:\/\/targowekwspodnicy.pl\/wp-content\/uploads\/2016\/06\/bp17-mieszkaniowy_.jpg\" data-rel=\"lightbox-gallery-dXDVvkny\" data-rl_title=\"\" data-rl_caption=\"\" title=\"\"><img decoding=\"async\" class=\" wp-image-1998 aligncenter\" src=\"https:\/\/targowekwspodnicy.pl\/wp-content\/uploads\/2016\/06\/bp17-mieszkaniowy_-770x1024.jpg\" alt=\"bp17-mieszkaniowy_\" width=\"471\" height=\"625\" srcset=\"https:\/\/targowekwspodnicy.pl\/wp-content\/uploads\/2016\/06\/bp17-mieszkaniowy_-770x1024.jpg 770w, https:\/\/targowekwspodnicy.pl\/wp-content\/uploads\/2016\/06\/bp17-mieszkaniowy_-226x300.jpg 226w\" sizes=\"(max-width: 471px) 100vw, 471px\" \/><\/a><\/p>\n<p><a href=\"https:\/\/targowekwspodnicy.pl\/wp-content\/uploads\/2016\/06\/bp17-zacisze_.jpg\" data-rel=\"lightbox-gallery-dXDVvkny\" data-rl_title=\"\" data-rl_caption=\"\" title=\"\"><img decoding=\"async\" class=\" wp-image-1999 aligncenter\" src=\"https:\/\/targowekwspodnicy.pl\/wp-content\/uploads\/2016\/06\/bp17-zacisze_-613x1024.jpg\" alt=\"bp17-zacisze_\" width=\"488\" height=\"815\" srcset=\"https:\/\/targowekwspodnicy.pl\/wp-content\/uploads\/2016\/06\/bp17-zacisze_-613x1024.jpg 613w, https:\/\/targowekwspodnicy.pl\/wp-content\/uploads\/2016\/06\/bp17-zacisze_-180x300.jpg 180w, https:\/\/targowekwspodnicy.pl\/wp-content\/uploads\/2016\/06\/bp17-zacisze_.jpg 766w\" sizes=\"(max-width: 488px) 100vw, 488px\" \/><\/a><\/p>\n<p><a href=\"https:\/\/targowekwspodnicy.pl\/wp-content\/uploads\/2016\/06\/bp17-fabryczny_.jpg\" data-rel=\"lightbox-gallery-dXDVvkny\" data-rl_title=\"\" data-rl_caption=\"\" title=\"\"><img decoding=\"async\" class=\" wp-image-2000 aligncenter\" src=\"https:\/\/targowekwspodnicy.pl\/wp-content\/uploads\/2016\/06\/bp17-fabryczny_-621x1024.jpg\" alt=\"bp17-fabryczny_\" width=\"487\" height=\"803\" srcset=\"https:\/\/targowekwspodnicy.pl\/wp-content\/uploads\/2016\/06\/bp17-fabryczny_-621x1024.jpg 621w, https:\/\/targowekwspodnicy.pl\/wp-content\/uploads\/2016\/06\/bp17-fabryczny_-182x300.jpg 182w, https:\/\/targowekwspodnicy.pl\/wp-content\/uploads\/2016\/06\/bp17-fabryczny_.jpg 777w\" sizes=\"(max-width: 487px) 100vw, 487px\" \/><\/a><\/p>\n<p>&nbsp;<\/p>\n","protected":false},"excerpt":{"rendered":"<p>G\u0142osowanie trwa mi\u0119dzy 14 a 24 czerwca 2016 r. G\u0142osujemy przez internet na stronie www.twojbudzet.um.warszawa.pl lub osobi\u015bcie w wyznaczonych na terenie Targ\u00f3wka punktach. Projekty, kt\u00f3re zdob\u0119d\u0105 najwi\u0119cej g\u0142os\u00f3w, zostan\u0105 zrealizowane w 2017 roku. Dodatkowo zapraszamy na Dy\u017cury Partycypacyjne Stowarzyszenia Targ\u00f3wek w sp\u00f3dnicy. Celem dy\u017cur\u00f3w jest zach\u0119canie do idei Bud\u017cetu partycypacyjnego oraz pomoc w elektronicznym g\u0142osowaniu. [&hellip;]<\/p>\n","protected":false},"author":2,"featured_media":0,"comment_status":"closed","ping_status":"closed","sticky":false,"template":"","format":"standard","meta":{"footnotes":""},"categories":[],"tags":[],"_links":{"self":[{"href":"https:\/\/targowekwspodnicy.pl\/index.php?rest_route=\/wp\/v2\/posts\/1994"}],"collection":[{"href":"https:\/\/targowekwspodnicy.pl\/index.php?rest_route=\/wp\/v2\/posts"}],"about":[{"href":"https:\/\/targowekwspodnicy.pl\/index.php?rest_route=\/wp\/v2\/types\/post"}],"author":[{"embeddable":true,"href":"https:\/\/targowekwspodnicy.pl\/index.php?rest_route=\/wp\/v2\/users\/2"}],"replies":[{"embeddable":true,"href":"https:\/\/targowekwspodnicy.pl\/index.php?rest_route=%2Fwp%2Fv2%2Fcomments&post=1994"}],"version-history":[{"count":0,"href":"https:\/\/targowekwspodnicy.pl\/index.php?rest_route=\/wp\/v2\/posts\/1994\/revisions"}],"wp:attachment":[{"href":"https:\/\/targowekwspodnicy.pl\/index.php?rest_route=%2Fwp%2Fv2%2Fmedia&parent=1994"}],"wp:term":[{"taxonomy":"category","embeddable":true,"href":"https:\/\/targowekwspodnicy.pl\/index.php?rest_route=%2Fwp%2Fv2%2Fcategories&post=1994"},{"taxonomy":"post_tag","embeddable":true,"href":"https:\/\/targowekwspodnicy.pl\/index.php?rest_route=%2Fwp%2Fv2%2Ftags&post=1994"}],"curies":[{"name":"wp","href":"https:\/\/api.w.org\/{rel}","templated":true}]}}