{"id":2103,"date":"2016-07-05T12:22:14","date_gmt":"2016-07-05T10:22:14","guid":{"rendered":"https:\/\/targowekwspodnicy.pl\/?p=2103"},"modified":"2020-01-29T03:36:18","modified_gmt":"2020-01-29T02:36:18","slug":"podwieczorki-z-kultura-dla-dzieci","status":"publish","type":"post","link":"https:\/\/targowekwspodnicy.pl\/?p=2103","title":{"rendered":"Podwieczorki z kultur\u0105 dla dzieci"},"content":{"rendered":"<p style=\"text-align: justify;\"><strong>Trwa druga edycja \u201ePodwieczork\u00f3w z kultur\u0105 dla dzieci\u201d. W tym roku\u00a0Podwieczorki potrwaj\u0105 od 19 czerwca do 28 sierpnia br. <\/strong><\/p>\n<p style=\"text-align: justify;\">Zapraszamy do udzia\u0142u w ka\u017cd\u0105 niedziel\u0119 o godz. 12:00 na Targ\u00f3wku Fabrycznym na terenie zielonym przy Parafii Zmartwychwstania Pa\u0144skiego przy ul. Ksi\u0119cia Ziemowita 39 i o godz. 17:00 na Zaciszu na terenie zielonym przy Parafii \u015bw. Barnaby przy ul. \u0141odygowej 24. Celem projektu jest udzia\u0142 ma\u0142ych mieszka\u0144c\u00f3w naszej dzielnicy w niedzielnych popo\u0142udniowych spotkaniach z kultur\u0105. To okazja do zaszczepienia w dzieciach mi\u0142o\u015bci do kultury, by w przysz\u0142o\u015bci sta\u0142y si\u0119 \u015bwiadomymi odbiorcami sztuki. Projekt realizuje Agencja Artystyczna Dur-Moll, kt\u00f3ra organizuje przedstawienia teatralne od ponad 20 lat.<\/p>\n<p><a href=\"https:\/\/targowekwspodnicy.pl\/wp-content\/uploads\/2016\/07\/13442557_1050950908319603_7640936658005839548_o.jpg\" data-rel=\"lightbox-gallery-dC8Z46Hi\" data-rl_title=\"\" data-rl_caption=\"\" title=\"\"><img decoding=\"async\" class=\" size-large wp-image-2104 aligncenter\" src=\"https:\/\/targowekwspodnicy.pl\/wp-content\/uploads\/2016\/07\/13442557_1050950908319603_7640936658005839548_o-711x1024.jpg\" alt=\"13442557_1050950908319603_7640936658005839548_o\" width=\"711\" height=\"1024\" srcset=\"https:\/\/targowekwspodnicy.pl\/wp-content\/uploads\/2016\/07\/13442557_1050950908319603_7640936658005839548_o-711x1024.jpg 711w, https:\/\/targowekwspodnicy.pl\/wp-content\/uploads\/2016\/07\/13442557_1050950908319603_7640936658005839548_o-208x300.jpg 208w, https:\/\/targowekwspodnicy.pl\/wp-content\/uploads\/2016\/07\/13442557_1050950908319603_7640936658005839548_o.jpg 888w\" sizes=\"(max-width: 711px) 100vw, 711px\" \/><\/a><\/p>\n<p>&nbsp;<\/p>\n<p>&nbsp;<\/p>\n\n\t\t<style type=\"text\/css\">\n\t\t\t#gallery-1 {\n\t\t\t\tmargin: auto;\n\t\t\t}\n\t\t\t#gallery-1 .gallery-item {\n\t\t\t\tfloat: left;\n\t\t\t\tmargin-top: 10px;\n\t\t\t\ttext-align: center;\n\t\t\t\twidth: 33%;\n\t\t\t}\n\t\t\t#gallery-1 img {\n\t\t\t\tborder: 2px solid #cfcfcf;\n\t\t\t}\n\t\t\t#gallery-1 .gallery-caption {\n\t\t\t\tmargin-left: 0;\n\t\t\t}\n\t\t\t\/* see gallery_shortcode() in wp-includes\/media.php *\/\n\t\t<\/style>\n\t\t<div id='gallery-1' class='gallery galleryid-2103 gallery-columns-3 gallery-size-thumbnail'><dl class='gallery-item'>\n\t\t\t<dt class='gallery-icon landscape'>\n\t\t\t\t<a href='https:\/\/targowekwspodnicy.pl\/wp-content\/uploads\/2016\/07\/13433179_1052276114853749_6888132049411386319_o.jpg' title=\"\" data-rl_title=\"\" class=\"rl-gallery-link\" data-rl_caption=\"\" data-rel=\"lightbox-gallery-1\"><img width=\"150\" height=\"150\" src=\"https:\/\/targowekwspodnicy.pl\/wp-content\/uploads\/2016\/07\/13433179_1052276114853749_6888132049411386319_o-150x150.jpg\" class=\"attachment-thumbnail size-thumbnail\" alt=\"\" decoding=\"async\" \/><\/a>\n\t\t\t<\/dt><\/dl><dl class='gallery-item'>\n\t\t\t<dt class='gallery-icon landscape'>\n\t\t\t\t<a href='https:\/\/targowekwspodnicy.pl\/wp-content\/uploads\/2016\/07\/13458728_1052276788187015_5837899235382135596_o.jpg' title=\"\" data-rl_title=\"\" class=\"rl-gallery-link\" data-rl_caption=\"\" data-rel=\"lightbox-gallery-1\"><img width=\"150\" height=\"150\" src=\"https:\/\/targowekwspodnicy.pl\/wp-content\/uploads\/2016\/07\/13458728_1052276788187015_5837899235382135596_o-150x150.jpg\" class=\"attachment-thumbnail size-thumbnail\" alt=\"\" decoding=\"async\" \/><\/a>\n\t\t\t<\/dt><\/dl><dl class='gallery-item'>\n\t\t\t<dt class='gallery-icon landscape'>\n\t\t\t\t<a href='https:\/\/targowekwspodnicy.pl\/wp-content\/uploads\/2016\/07\/13497819_1052276654853695_8354391785650115753_o.jpg' title=\"\" data-rl_title=\"\" class=\"rl-gallery-link\" data-rl_caption=\"\" data-rel=\"lightbox-gallery-1\"><img width=\"150\" height=\"150\" src=\"https:\/\/targowekwspodnicy.pl\/wp-content\/uploads\/2016\/07\/13497819_1052276654853695_8354391785650115753_o-150x150.jpg\" class=\"attachment-thumbnail size-thumbnail\" alt=\"\" decoding=\"async\" \/><\/a>\n\t\t\t<\/dt><\/dl><br style=\"clear: both\" \/><dl class='gallery-item'>\n\t\t\t<dt class='gallery-icon landscape'>\n\t\t\t\t<a href='https:\/\/targowekwspodnicy.pl\/wp-content\/uploads\/2016\/07\/13497903_1052277434853617_9042877795564965901_o.jpg' title=\"\" data-rl_title=\"\" class=\"rl-gallery-link\" data-rl_caption=\"\" data-rel=\"lightbox-gallery-1\"><img width=\"150\" height=\"150\" src=\"https:\/\/targowekwspodnicy.pl\/wp-content\/uploads\/2016\/07\/13497903_1052277434853617_9042877795564965901_o-150x150.jpg\" class=\"attachment-thumbnail size-thumbnail\" alt=\"\" decoding=\"async\" \/><\/a>\n\t\t\t<\/dt><\/dl><dl class='gallery-item'>\n\t\t\t<dt class='gallery-icon landscape'>\n\t\t\t\t<a href='https:\/\/targowekwspodnicy.pl\/wp-content\/uploads\/2016\/07\/13433244_1052276338187060_2725898585121078421_o.jpg' title=\"\" data-rl_title=\"\" class=\"rl-gallery-link\" data-rl_caption=\"\" data-rel=\"lightbox-gallery-1\"><img width=\"150\" height=\"150\" src=\"https:\/\/targowekwspodnicy.pl\/wp-content\/uploads\/2016\/07\/13433244_1052276338187060_2725898585121078421_o-150x150.jpg\" class=\"attachment-thumbnail size-thumbnail\" alt=\"\" decoding=\"async\" \/><\/a>\n\t\t\t<\/dt><\/dl><dl class='gallery-item'>\n\t\t\t<dt class='gallery-icon landscape'>\n\t\t\t\t<a href='https:\/\/targowekwspodnicy.pl\/wp-content\/uploads\/2016\/07\/13443222_1052275674853793_363689730887733357_o.jpg' title=\"\" data-rl_title=\"\" class=\"rl-gallery-link\" data-rl_caption=\"\" data-rel=\"lightbox-gallery-1\"><img width=\"150\" height=\"150\" src=\"https:\/\/targowekwspodnicy.pl\/wp-content\/uploads\/2016\/07\/13443222_1052275674853793_363689730887733357_o-150x150.jpg\" class=\"attachment-thumbnail size-thumbnail\" alt=\"\" decoding=\"async\" \/><\/a>\n\t\t\t<\/dt><\/dl><br style=\"clear: both\" \/><dl class='gallery-item'>\n\t\t\t<dt class='gallery-icon landscape'>\n\t\t\t\t<a href='https:\/\/targowekwspodnicy.pl\/wp-content\/uploads\/2016\/07\/13475089_1052276508187043_1997762521563942295_o.jpg' title=\"\" data-rl_title=\"\" class=\"rl-gallery-link\" data-rl_caption=\"\" data-rel=\"lightbox-gallery-1\"><img width=\"150\" height=\"150\" src=\"https:\/\/targowekwspodnicy.pl\/wp-content\/uploads\/2016\/07\/13475089_1052276508187043_1997762521563942295_o-150x150.jpg\" class=\"attachment-thumbnail size-thumbnail\" alt=\"\" decoding=\"async\" \/><\/a>\n\t\t\t<\/dt><\/dl><dl class='gallery-item'>\n\t\t\t<dt class='gallery-icon landscape'>\n\t\t\t\t<a href='https:\/\/targowekwspodnicy.pl\/wp-content\/uploads\/2016\/07\/13422212_1052277208186973_6903701501514909277_o.jpg' title=\"\" data-rl_title=\"\" class=\"rl-gallery-link\" data-rl_caption=\"\" data-rel=\"lightbox-gallery-1\"><img width=\"150\" height=\"150\" src=\"https:\/\/targowekwspodnicy.pl\/wp-content\/uploads\/2016\/07\/13422212_1052277208186973_6903701501514909277_o-150x150.jpg\" class=\"attachment-thumbnail size-thumbnail\" alt=\"\" decoding=\"async\" \/><\/a>\n\t\t\t<\/dt><\/dl>\n\t\t\t<br style='clear: both' \/>\n\t\t<\/div>\n\n","protected":false},"excerpt":{"rendered":"<p>Trwa druga edycja \u201ePodwieczork\u00f3w z kultur\u0105 dla dzieci\u201d. W tym roku\u00a0Podwieczorki potrwaj\u0105 od 19 czerwca do 28 sierpnia br. Zapraszamy do udzia\u0142u w ka\u017cd\u0105 niedziel\u0119 o godz. 12:00 na Targ\u00f3wku Fabrycznym na terenie zielonym przy Parafii Zmartwychwstania Pa\u0144skiego przy ul. Ksi\u0119cia Ziemowita 39 i o godz. 17:00 na Zaciszu na terenie zielonym przy Parafii \u015bw. [&hellip;]<\/p>\n","protected":false},"author":2,"featured_media":2104,"comment_status":"closed","ping_status":"closed","sticky":false,"template":"","format":"standard","meta":{"footnotes":""},"categories":[],"tags":[],"_links":{"self":[{"href":"https:\/\/targowekwspodnicy.pl\/index.php?rest_route=\/wp\/v2\/posts\/2103"}],"collection":[{"href":"https:\/\/targowekwspodnicy.pl\/index.php?rest_route=\/wp\/v2\/posts"}],"about":[{"href":"https:\/\/targowekwspodnicy.pl\/index.php?rest_route=\/wp\/v2\/types\/post"}],"author":[{"embeddable":true,"href":"https:\/\/targowekwspodnicy.pl\/index.php?rest_route=\/wp\/v2\/users\/2"}],"replies":[{"embeddable":true,"href":"https:\/\/targowekwspodnicy.pl\/index.php?rest_route=%2Fwp%2Fv2%2Fcomments&post=2103"}],"version-history":[{"count":0,"href":"https:\/\/targowekwspodnicy.pl\/index.php?rest_route=\/wp\/v2\/posts\/2103\/revisions"}],"wp:featuredmedia":[{"embeddable":true,"href":"https:\/\/targowekwspodnicy.pl\/index.php?rest_route=\/wp\/v2\/media\/2104"}],"wp:attachment":[{"href":"https:\/\/targowekwspodnicy.pl\/index.php?rest_route=%2Fwp%2Fv2%2Fmedia&parent=2103"}],"wp:term":[{"taxonomy":"category","embeddable":true,"href":"https:\/\/targowekwspodnicy.pl\/index.php?rest_route=%2Fwp%2Fv2%2Fcategories&post=2103"},{"taxonomy":"post_tag","embeddable":true,"href":"https:\/\/targowekwspodnicy.pl\/index.php?rest_route=%2Fwp%2Fv2%2Ftags&post=2103"}],"curies":[{"name":"wp","href":"https:\/\/api.w.org\/{rel}","templated":true}]}}