{"id":2505,"date":"2017-07-27T00:52:50","date_gmt":"2017-07-26T22:52:50","guid":{"rendered":"https:\/\/targowekwspodnicy.pl\/?p=2505"},"modified":"2017-11-05T22:16:57","modified_gmt":"2017-11-05T21:16:57","slug":"letnie-kino-plenerowe-dla-mieszkancow","status":"publish","type":"post","link":"https:\/\/targowekwspodnicy.pl\/?p=2505","title":{"rendered":"Letnie kino plenerowe dla mieszka\u0144c\u00f3w"},"content":{"rendered":"<div class=\"filmyRow1 pies\">\n<div class=\"filmyDate\">9 seans\u00f3w filmowych pod chmurk\u0105 na Placu Trynopolskim w pobli\u017cu stacji PKP Warszawa Zacisze -Wilno<\/div>\n<div class=\"filmyDate\"><\/div>\n<div class=\"filmyDate\">01.07 godz. 21.45\u00a0<a href=\"http:\/\/archiwum.stopklatka.pl\/film\/nietykalni\" target=\"_blank\" rel=\"nofollow noopener noreferrer\">Nietykalni<\/a>\u00a0re\u017c. Olivier Nakache, Eric Toledano\u00a0112&#8242;<\/div>\n<\/div>\n<div class=\"filmyRow1 pies\">\n<div class=\"filmyDate\">08.07 godz. 21.45\u00a0<a href=\"http:\/\/archiwum.stopklatka.pl\/film\/za-jakie-grzechy-dobry-boze\" target=\"_blank\" rel=\"nofollow noopener noreferrer\">Za jakie grzechy dobry Bo\u017ce<\/a>\u00a0re\u017c. Philippe de Chauveron\u00a097&#8242;<\/div>\n<\/div>\n<div class=\"filmyRow2\">\n<div class=\"filmyDate\">15.07 godz. 21.45\u00a0<a href=\"http:\/\/archiwum.stopklatka.pl\/film\/wojna-domowa-2008\" target=\"_blank\" rel=\"nofollow noopener noreferrer\">Wojna domowa<\/a>\u00a0re\u017c. Stephan Elliott\u00a0\u00a093&#8242;<\/div>\n<\/div>\n<div class=\"filmyRow1\">\n<div class=\"filmyDate\">22.07 godz. 21.45\u00a0<a href=\"http:\/\/archiwum.stopklatka.pl\/film\/magia-w-blasku-ksiezyca\" target=\"_blank\" rel=\"nofollow noopener noreferrer\">Magia w blasku ksi\u0119\u017cyca<\/a>\u00a0re\u017c. Woody Allen\u00a097&#8242;<\/div>\n<\/div>\n<div class=\"filmyRow2\">\n<div class=\"filmyDate\">29.07 godz. 21.45\u00a0<a href=\"http:\/\/archiwum.stopklatka.pl\/film\/choc-goni-nas-czas\" target=\"_blank\" rel=\"nofollow noopener noreferrer\">Cho\u0107 goni nas czas<\/a>\u00a0re\u017c. Rob Reiner\u00a097&#8242;<\/div>\n<\/div>\n<div class=\"filmyRow2\">\n<div class=\"filmyDate\">05.08 godz. 21.15\u00a0<a href=\"http:\/\/archiwum.stopklatka.pl\/film\/przepis-na-milosc\" target=\"_blank\" rel=\"nofollow noopener noreferrer\">Przepis na mi\u0142o\u015b\u0107<\/a>\u00a0re\u017c. Jean-Pierre Am\u00e9ris \u00a080&#8242;<\/div>\n<\/div>\n<div class=\"filmyRow1\">\n<div class=\"filmyDate\">12.08 godz. 21.15\u00a0<a href=\"http:\/\/archiwum.stopklatka.pl\/film\/listy-do-julii\" target=\"_blank\" rel=\"nofollow noopener noreferrer\">Listy do Julii<\/a>\u00a0re\u017c. Gary Winick 115&#8242;<\/div>\n<\/div>\n<div class=\"filmyRow1\">\n<div class=\"filmyDate\">19.08 godz. 21.15\u00a0<a href=\"http:\/\/archiwum.stopklatka.pl\/film\/uklad-idealny\" target=\"_blank\" rel=\"nofollow noopener noreferrer\">Uk\u0142ad idealny<\/a>\u00a0re\u017c. Eric Lartigau 90&#8242;<\/div>\n<\/div>\n<div class=\"filmyRow2\">\n<div class=\"filmyDate\">26.08 godz. 21.15\u00a0<a href=\"http:\/\/archiwum.stopklatka.pl\/film\/szefowie-wrogowie\" target=\"_blank\" rel=\"nofollow noopener noreferrer\">Szefowie wrogowie<\/a>\u00a0re\u017c. Seth Gordon 90&#8242;<\/div>\n<\/div>\n<p><a href=\"https:\/\/targowekwspodnicy.pl\/wp-content\/uploads\/2017\/07\/20664473_1460123174069039_9093494099240506292_n.jpg\" data-rel=\"lightbox-gallery-bUnV8O8b\" data-rl_title=\"\" data-rl_caption=\"\" title=\"\"><img decoding=\"async\" class=\"size-full wp-image-2520 aligncenter\" src=\"https:\/\/targowekwspodnicy.pl\/wp-content\/uploads\/2017\/07\/20664473_1460123174069039_9093494099240506292_n.jpg\" alt=\"\" width=\"679\" height=\"960\" srcset=\"https:\/\/targowekwspodnicy.pl\/wp-content\/uploads\/2017\/07\/20664473_1460123174069039_9093494099240506292_n.jpg 679w, https:\/\/targowekwspodnicy.pl\/wp-content\/uploads\/2017\/07\/20664473_1460123174069039_9093494099240506292_n-212x300.jpg 212w\" sizes=\"(max-width: 679px) 100vw, 679px\" \/><\/a><\/p>\n<p>&nbsp;<\/p>\n<p>&nbsp;<\/p>\n\n\t\t<style type=\"text\/css\">\n\t\t\t#gallery-1 {\n\t\t\t\tmargin: auto;\n\t\t\t}\n\t\t\t#gallery-1 .gallery-item {\n\t\t\t\tfloat: left;\n\t\t\t\tmargin-top: 10px;\n\t\t\t\ttext-align: center;\n\t\t\t\twidth: 33%;\n\t\t\t}\n\t\t\t#gallery-1 img {\n\t\t\t\tborder: 2px solid #cfcfcf;\n\t\t\t}\n\t\t\t#gallery-1 .gallery-caption {\n\t\t\t\tmargin-left: 0;\n\t\t\t}\n\t\t\t\/* see gallery_shortcode() in wp-includes\/media.php *\/\n\t\t<\/style>\n\t\t<div id='gallery-1' class='gallery galleryid-2505 gallery-columns-3 gallery-size-thumbnail'><dl class='gallery-item'>\n\t\t\t<dt class='gallery-icon landscape'>\n\t\t\t\t<a href='https:\/\/targowekwspodnicy.pl\/wp-content\/uploads\/2017\/07\/DSC02003.jpg' title=\"\" data-rl_title=\"\" class=\"rl-gallery-link\" data-rl_caption=\"\" data-rel=\"lightbox-gallery-1\"><img width=\"150\" height=\"150\" src=\"https:\/\/targowekwspodnicy.pl\/wp-content\/uploads\/2017\/07\/DSC02003-150x150.jpg\" class=\"attachment-thumbnail size-thumbnail\" alt=\"\" decoding=\"async\" \/><\/a>\n\t\t\t<\/dt><\/dl><dl class='gallery-item'>\n\t\t\t<dt class='gallery-icon landscape'>\n\t\t\t\t<a href='https:\/\/targowekwspodnicy.pl\/wp-content\/uploads\/2017\/07\/DSC01772.jpg' title=\"\" data-rl_title=\"\" class=\"rl-gallery-link\" data-rl_caption=\"\" data-rel=\"lightbox-gallery-1\"><img width=\"150\" height=\"150\" src=\"https:\/\/targowekwspodnicy.pl\/wp-content\/uploads\/2017\/07\/DSC01772-150x150.jpg\" class=\"attachment-thumbnail size-thumbnail\" alt=\"\" decoding=\"async\" \/><\/a>\n\t\t\t<\/dt><\/dl><dl class='gallery-item'>\n\t\t\t<dt class='gallery-icon landscape'>\n\t\t\t\t<a href='https:\/\/targowekwspodnicy.pl\/wp-content\/uploads\/2017\/07\/DSC02016.jpg' title=\"\" data-rl_title=\"\" class=\"rl-gallery-link\" data-rl_caption=\"\" data-rel=\"lightbox-gallery-1\"><img width=\"150\" height=\"150\" src=\"https:\/\/targowekwspodnicy.pl\/wp-content\/uploads\/2017\/07\/DSC02016-150x150.jpg\" class=\"attachment-thumbnail size-thumbnail\" alt=\"\" decoding=\"async\" \/><\/a>\n\t\t\t<\/dt><\/dl><br style=\"clear: both\" \/><dl class='gallery-item'>\n\t\t\t<dt class='gallery-icon landscape'>\n\t\t\t\t<a href='https:\/\/targowekwspodnicy.pl\/wp-content\/uploads\/2017\/07\/DSC01777.jpg' title=\"\" data-rl_title=\"\" class=\"rl-gallery-link\" data-rl_caption=\"\" data-rel=\"lightbox-gallery-1\"><img width=\"150\" height=\"150\" src=\"https:\/\/targowekwspodnicy.pl\/wp-content\/uploads\/2017\/07\/DSC01777-150x150.jpg\" class=\"attachment-thumbnail size-thumbnail\" alt=\"\" decoding=\"async\" \/><\/a>\n\t\t\t<\/dt><\/dl><dl class='gallery-item'>\n\t\t\t<dt class='gallery-icon landscape'>\n\t\t\t\t<a href='https:\/\/targowekwspodnicy.pl\/wp-content\/uploads\/2017\/07\/DSC02011.jpg' title=\"\" data-rl_title=\"\" class=\"rl-gallery-link\" data-rl_caption=\"\" data-rel=\"lightbox-gallery-1\"><img width=\"150\" height=\"150\" src=\"https:\/\/targowekwspodnicy.pl\/wp-content\/uploads\/2017\/07\/DSC02011-150x150.jpg\" class=\"attachment-thumbnail size-thumbnail\" alt=\"\" decoding=\"async\" \/><\/a>\n\t\t\t<\/dt><\/dl><dl class='gallery-item'>\n\t\t\t<dt class='gallery-icon landscape'>\n\t\t\t\t<a href='https:\/\/targowekwspodnicy.pl\/wp-content\/uploads\/2017\/07\/DSC01751.jpg' title=\"\" data-rl_title=\"\" class=\"rl-gallery-link\" data-rl_caption=\"\" data-rel=\"lightbox-gallery-1\"><img width=\"150\" height=\"150\" src=\"https:\/\/targowekwspodnicy.pl\/wp-content\/uploads\/2017\/07\/DSC01751-150x150.jpg\" class=\"attachment-thumbnail size-thumbnail\" alt=\"\" decoding=\"async\" \/><\/a>\n\t\t\t<\/dt><\/dl><br style=\"clear: both\" \/>\n\t\t<\/div>\n\n<p>&nbsp;<\/p>\n","protected":false},"excerpt":{"rendered":"<p>9 seans\u00f3w filmowych pod chmurk\u0105 na Placu Trynopolskim w pobli\u017cu stacji PKP Warszawa Zacisze -Wilno 01.07 godz. 21.45\u00a0Nietykalni\u00a0re\u017c. Olivier Nakache, Eric Toledano\u00a0112&#8242; 08.07 godz. 21.45\u00a0Za jakie grzechy dobry Bo\u017ce\u00a0re\u017c. Philippe de Chauveron\u00a097&#8242; 15.07 godz. 21.45\u00a0Wojna domowa\u00a0re\u017c. Stephan Elliott\u00a0\u00a093&#8242; 22.07 godz. 21.45\u00a0Magia w blasku ksi\u0119\u017cyca\u00a0re\u017c. Woody Allen\u00a097&#8242; 29.07 godz. 21.45\u00a0Cho\u0107 goni nas czas\u00a0re\u017c. Rob Reiner\u00a097&#8242; 05.08 [&hellip;]<\/p>\n","protected":false},"author":2,"featured_media":2508,"comment_status":"closed","ping_status":"closed","sticky":false,"template":"","format":"standard","meta":{"footnotes":""},"categories":[],"tags":[],"_links":{"self":[{"href":"https:\/\/targowekwspodnicy.pl\/index.php?rest_route=\/wp\/v2\/posts\/2505"}],"collection":[{"href":"https:\/\/targowekwspodnicy.pl\/index.php?rest_route=\/wp\/v2\/posts"}],"about":[{"href":"https:\/\/targowekwspodnicy.pl\/index.php?rest_route=\/wp\/v2\/types\/post"}],"author":[{"embeddable":true,"href":"https:\/\/targowekwspodnicy.pl\/index.php?rest_route=\/wp\/v2\/users\/2"}],"replies":[{"embeddable":true,"href":"https:\/\/targowekwspodnicy.pl\/index.php?rest_route=%2Fwp%2Fv2%2Fcomments&post=2505"}],"version-history":[{"count":0,"href":"https:\/\/targowekwspodnicy.pl\/index.php?rest_route=\/wp\/v2\/posts\/2505\/revisions"}],"wp:featuredmedia":[{"embeddable":true,"href":"https:\/\/targowekwspodnicy.pl\/index.php?rest_route=\/wp\/v2\/media\/2508"}],"wp:attachment":[{"href":"https:\/\/targowekwspodnicy.pl\/index.php?rest_route=%2Fwp%2Fv2%2Fmedia&parent=2505"}],"wp:term":[{"taxonomy":"category","embeddable":true,"href":"https:\/\/targowekwspodnicy.pl\/index.php?rest_route=%2Fwp%2Fv2%2Fcategories&post=2505"},{"taxonomy":"post_tag","embeddable":true,"href":"https:\/\/targowekwspodnicy.pl\/index.php?rest_route=%2Fwp%2Fv2%2Ftags&post=2505"}],"curies":[{"name":"wp","href":"https:\/\/api.w.org\/{rel}","templated":true}]}}