{"id":2750,"date":"2018-06-11T02:30:32","date_gmt":"2018-06-11T00:30:32","guid":{"rendered":"https:\/\/targowekwspodnicy.pl\/?p=2750"},"modified":"2018-07-17T01:13:54","modified_gmt":"2018-07-16T23:13:54","slug":"make-up-party-3-czyli-mini-metamorfoza-twojego-wizerunku","status":"publish","type":"post","link":"https:\/\/targowekwspodnicy.pl\/?p=2750","title":{"rendered":"MAKE UP Party 3, czyli mini metamorfoza Twojego wizerunku"},"content":{"rendered":"<p><span style=\"color: #333399;\">Zapraszamy na kolejne MAKE UP Party, kt\u00f3re odb\u0119dzie si\u0119 19 czerwca, o godz. 17:30 w Domu Kultury Zacisze przy ul. Blokowej 1.<\/span><\/p>\n<p>Cz\u0119\u015b\u0107 1 to przygotowanie do makija\u017cu, piel\u0119gnacja twarzy, a tak\u017ce wykonanie makija\u017cu dziennego. Wiza\u017cystka opisze krok po kroku techniki makija\u017cu, makija\u017cowe sztuczki i odpowiedni spos\u00f3b aplikacji kosmetyk\u00f3w.<\/p>\n<p>Cz\u0119\u015b\u0107 2 to makija\u017c wykonywany samodzielnie, z uwzgl\u0119dnieniem wskaz\u00f3wek i technik zaprezentowanych w cz\u0119\u015bci 1. Sprawdzamy, czy dobrana dla Ciebie technika sprawia Ci trudno\u015b\u0107, co nale\u017cy poprawi\u0107 i nad czym popracowa\u0107, aby efekt by\u0142 idealny. B\u0119dziesz mia\u0142a tak\u017ce mo\u017cliwo\u015b\u0107 wykonania makija\u017cu pod okiem wiza\u017cystki, kt\u00f3ra oceni na co powinna\u015b zwr\u00f3ci\u0107 szczeg\u00f3ln\u0105 uwag\u0119. Podpowie r\u00f3wnie\u017c, jak dobra\u0107 perfumy do osobowo\u015bci, charakteru i stylu \u017cycia.<\/p>\n<p><span style=\"color: #333399;\">Dodatkowo zaplanowa\u0142y\u015bmy loteri\u0119 nagr\u00f3d. Akcja bezp\u0142atna. Rejestracja on-line przez stron\u0119 Domu Kultury Zacisze www.zacisze.waw.pl\u00a0 -&gt; Aktualno\u015bci<\/span><\/p>\n<p><img decoding=\"async\" class=\"size-large wp-image-2751 aligncenter\" src=\"https:\/\/targowekwspodnicy.pl\/wp-content\/uploads\/2018\/06\/Plakta-tws-make-up-683x1024.jpg\" alt=\"\" width=\"683\" height=\"1024\" srcset=\"https:\/\/targowekwspodnicy.pl\/wp-content\/uploads\/2018\/06\/Plakta-tws-make-up-683x1024.jpg 683w, https:\/\/targowekwspodnicy.pl\/wp-content\/uploads\/2018\/06\/Plakta-tws-make-up-200x300.jpg 200w, https:\/\/targowekwspodnicy.pl\/wp-content\/uploads\/2018\/06\/Plakta-tws-make-up-768x1152.jpg 768w, https:\/\/targowekwspodnicy.pl\/wp-content\/uploads\/2018\/06\/Plakta-tws-make-up.jpg 1280w\" sizes=\"(max-width: 683px) 100vw, 683px\" \/><\/p>\n","protected":false},"excerpt":{"rendered":"<p>Zapraszamy na kolejne MAKE UP Party, kt\u00f3re odb\u0119dzie si\u0119 19 czerwca, o godz. 17:30 w Domu Kultury Zacisze przy ul. Blokowej 1. Cz\u0119\u015b\u0107 1 to przygotowanie do makija\u017cu, piel\u0119gnacja twarzy, a tak\u017ce wykonanie makija\u017cu dziennego. Wiza\u017cystka opisze krok po kroku techniki makija\u017cu, makija\u017cowe sztuczki i odpowiedni spos\u00f3b aplikacji kosmetyk\u00f3w. Cz\u0119\u015b\u0107 2 to makija\u017c wykonywany samodzielnie, [&hellip;]<\/p>\n","protected":false},"author":2,"featured_media":2751,"comment_status":"closed","ping_status":"closed","sticky":false,"template":"","format":"standard","meta":{"footnotes":""},"categories":[],"tags":[],"_links":{"self":[{"href":"https:\/\/targowekwspodnicy.pl\/index.php?rest_route=\/wp\/v2\/posts\/2750"}],"collection":[{"href":"https:\/\/targowekwspodnicy.pl\/index.php?rest_route=\/wp\/v2\/posts"}],"about":[{"href":"https:\/\/targowekwspodnicy.pl\/index.php?rest_route=\/wp\/v2\/types\/post"}],"author":[{"embeddable":true,"href":"https:\/\/targowekwspodnicy.pl\/index.php?rest_route=\/wp\/v2\/users\/2"}],"replies":[{"embeddable":true,"href":"https:\/\/targowekwspodnicy.pl\/index.php?rest_route=%2Fwp%2Fv2%2Fcomments&post=2750"}],"version-history":[{"count":0,"href":"https:\/\/targowekwspodnicy.pl\/index.php?rest_route=\/wp\/v2\/posts\/2750\/revisions"}],"wp:featuredmedia":[{"embeddable":true,"href":"https:\/\/targowekwspodnicy.pl\/index.php?rest_route=\/wp\/v2\/media\/2751"}],"wp:attachment":[{"href":"https:\/\/targowekwspodnicy.pl\/index.php?rest_route=%2Fwp%2Fv2%2Fmedia&parent=2750"}],"wp:term":[{"taxonomy":"category","embeddable":true,"href":"https:\/\/targowekwspodnicy.pl\/index.php?rest_route=%2Fwp%2Fv2%2Fcategories&post=2750"},{"taxonomy":"post_tag","embeddable":true,"href":"https:\/\/targowekwspodnicy.pl\/index.php?rest_route=%2Fwp%2Fv2%2Ftags&post=2750"}],"curies":[{"name":"wp","href":"https:\/\/api.w.org\/{rel}","templated":true}]}}