{"id":2831,"date":"2018-09-06T00:34:26","date_gmt":"2018-09-05T22:34:26","guid":{"rendered":"https:\/\/targowekwspodnicy.pl\/?p=2831"},"modified":"2018-12-03T12:44:44","modified_gmt":"2018-12-03T11:44:44","slug":"sasiedzkie-wycieczki-rowerowe-z-cyklu-poznaj-targowek-na-rowerze-3","status":"publish","type":"post","link":"https:\/\/targowekwspodnicy.pl\/?p=2831","title":{"rendered":"S\u0105siedzkie wycieczki rowerowe z cyklu Poznaj Targ\u00f3wek na rowerze 3"},"content":{"rendered":"<p>Ju\u017c w najbli\u017csz\u0105 niedziel\u0119 9 wrze\u015bnia o godz. 10:30 przy ul. Blokowej 1 startuje trzecia edycja projektu &#8222;Poznaj Targ\u00f3wek na rowerze&#8221;. \u00a0Z okazji inauguracji cyklu na trasie b\u0119d\u0105 czeka\u0142y na uczestnik\u00f3w liczne niespodzianki. Rozpoczynamy tematem &#8211; \u201eZacisze w klimatach kobiecych, literackich i historycznych\u201d. Naszym przewodnikiem b\u0119dzie Jarek Spacerolog Praski z Praskiej Ferajny.<\/p>\n<p>&nbsp;<\/p>\n<p><img decoding=\"async\" class=\"size-large wp-image-2837 aligncenter\" src=\"https:\/\/targowekwspodnicy.pl\/wp-content\/uploads\/2018\/09\/wycieczki-rowerowe-do-internetu-2-735x1024.jpg\" alt=\"\" width=\"735\" height=\"1024\" srcset=\"https:\/\/targowekwspodnicy.pl\/wp-content\/uploads\/2018\/09\/wycieczki-rowerowe-do-internetu-2-735x1024.jpg 735w, https:\/\/targowekwspodnicy.pl\/wp-content\/uploads\/2018\/09\/wycieczki-rowerowe-do-internetu-2-215x300.jpg 215w, https:\/\/targowekwspodnicy.pl\/wp-content\/uploads\/2018\/09\/wycieczki-rowerowe-do-internetu-2-768x1069.jpg 768w, https:\/\/targowekwspodnicy.pl\/wp-content\/uploads\/2018\/09\/wycieczki-rowerowe-do-internetu-2.jpg 919w\" sizes=\"(max-width: 735px) 100vw, 735px\" \/><\/p>\n","protected":false},"excerpt":{"rendered":"<p>Ju\u017c w najbli\u017csz\u0105 niedziel\u0119 9 wrze\u015bnia o godz. 10:30 przy ul. Blokowej 1 startuje trzecia edycja projektu &#8222;Poznaj Targ\u00f3wek na rowerze&#8221;. \u00a0Z okazji inauguracji cyklu na trasie b\u0119d\u0105 czeka\u0142y na uczestnik\u00f3w liczne niespodzianki. Rozpoczynamy tematem &#8211; \u201eZacisze w klimatach kobiecych, literackich i historycznych\u201d. Naszym przewodnikiem b\u0119dzie Jarek Spacerolog Praski z Praskiej Ferajny. &nbsp;<\/p>\n","protected":false},"author":2,"featured_media":2837,"comment_status":"closed","ping_status":"closed","sticky":false,"template":"","format":"standard","meta":{"footnotes":""},"categories":[],"tags":[],"_links":{"self":[{"href":"https:\/\/targowekwspodnicy.pl\/index.php?rest_route=\/wp\/v2\/posts\/2831"}],"collection":[{"href":"https:\/\/targowekwspodnicy.pl\/index.php?rest_route=\/wp\/v2\/posts"}],"about":[{"href":"https:\/\/targowekwspodnicy.pl\/index.php?rest_route=\/wp\/v2\/types\/post"}],"author":[{"embeddable":true,"href":"https:\/\/targowekwspodnicy.pl\/index.php?rest_route=\/wp\/v2\/users\/2"}],"replies":[{"embeddable":true,"href":"https:\/\/targowekwspodnicy.pl\/index.php?rest_route=%2Fwp%2Fv2%2Fcomments&post=2831"}],"version-history":[{"count":0,"href":"https:\/\/targowekwspodnicy.pl\/index.php?rest_route=\/wp\/v2\/posts\/2831\/revisions"}],"wp:featuredmedia":[{"embeddable":true,"href":"https:\/\/targowekwspodnicy.pl\/index.php?rest_route=\/wp\/v2\/media\/2837"}],"wp:attachment":[{"href":"https:\/\/targowekwspodnicy.pl\/index.php?rest_route=%2Fwp%2Fv2%2Fmedia&parent=2831"}],"wp:term":[{"taxonomy":"category","embeddable":true,"href":"https:\/\/targowekwspodnicy.pl\/index.php?rest_route=%2Fwp%2Fv2%2Fcategories&post=2831"},{"taxonomy":"post_tag","embeddable":true,"href":"https:\/\/targowekwspodnicy.pl\/index.php?rest_route=%2Fwp%2Fv2%2Ftags&post=2831"}],"curies":[{"name":"wp","href":"https:\/\/api.w.org\/{rel}","templated":true}]}}