{"id":2927,"date":"2019-11-29T11:33:23","date_gmt":"2019-11-29T10:33:23","guid":{"rendered":"https:\/\/targowekwspodnicy.pl\/?p=2927"},"modified":"2020-01-29T02:49:17","modified_gmt":"2020-01-29T01:49:17","slug":"vii-mikolajki-w-spodnicy","status":"publish","type":"post","link":"https:\/\/targowekwspodnicy.pl\/?p=2927","title":{"rendered":"VII Miko\u0142ajki w sp\u00f3dnicy"},"content":{"rendered":"<h3><span style=\"color: #800080;\">Zapraszamy na VII edycj\u0119 Miko\u0142ajek w sp\u00f3dnicy<\/span><br \/>\n<span style=\"color: #800080;\">7 grudnia br. start godz. 10:30 w Domu Kultury \u015awit<\/span><br \/>\n<span style=\"color: #800080;\">G\u0142\u00f3wnym za\u0142o\u017ceniem projektu jest podarowanie prezentu \u015bwi\u0105tecznego nie tylko dzieciom, ale r\u00f3wnie\u017c ich mamom, babciom.<\/span><\/h3>\n<p>W programie przewidziany jest szereg atrakcji. Dzieci obejrz\u0105 film animowany pt. \u201eGordon i Paddy\u201d i odwiedzi je \u015awi\u0119ty Miko\u0142aj.<\/p>\n<p>Dla pa\u0144 przygotowa\u0142y\u015bmy mini szkolenie z rozwoju osobistego pt. \u201eMoc natury, czyli jak stworzy\u0107 zdrow\u0105 apteczk\u0119 w swoim domu\u201d prowadz\u0105ca: Magdalena \u017belezik-Malinowska, Centrum Aromaterapii Lavendula oraz mini warsztat \u201eBombka decoupage\u201d prowadz\u0105ca: Agnieszka Kaza\u0142a, pisarz, ilustrator.\u00a0 Tradycj\u0105 jest ju\u017c coroczna loteria niespodzianek.<\/p>\n<p>Na zako\u0144czenie, dzi\u0119ki Leroy Merlin Targ\u00f3wek ul. Malborska 35 uczestnicy zawiesz\u0105 na choince przed Domem Kultury r\u0119cznie wykonane bombki. Ten \u015bwi\u0105teczny akcent b\u0119dzie zrealizowany w ramach sto\u0142ecznej akcji Podw\u00f3rkowa Gwiazdka, kt\u00f3rej celem jest s\u0105siedzka integracja.<\/p>\n<p>Szczeg\u00f3\u0142y dotycz\u0105ce rejestracji znajduj\u0105 si\u0119 na plakacie.<\/p>\n<p><img decoding=\"async\" class=\"size-large wp-image-2928 aligncenter\" src=\"https:\/\/targowekwspodnicy.pl\/wp-content\/uploads\/2019\/11\/VII-Miko\u0142ajki-w-sp\u00f3dnicy-A3-PLAKAT-2019-727x1024.jpg\" alt=\"\" width=\"727\" height=\"1024\" srcset=\"https:\/\/targowekwspodnicy.pl\/wp-content\/uploads\/2019\/11\/VII-Miko\u0142ajki-w-sp\u00f3dnicy-A3-PLAKAT-2019-727x1024.jpg 727w, https:\/\/targowekwspodnicy.pl\/wp-content\/uploads\/2019\/11\/VII-Miko\u0142ajki-w-sp\u00f3dnicy-A3-PLAKAT-2019-213x300.jpg 213w, https:\/\/targowekwspodnicy.pl\/wp-content\/uploads\/2019\/11\/VII-Miko\u0142ajki-w-sp\u00f3dnicy-A3-PLAKAT-2019-768x1082.jpg 768w, https:\/\/targowekwspodnicy.pl\/wp-content\/uploads\/2019\/11\/VII-Miko\u0142ajki-w-sp\u00f3dnicy-A3-PLAKAT-2019.jpg 1363w\" sizes=\"(max-width: 727px) 100vw, 727px\" \/><\/p>\n","protected":false},"excerpt":{"rendered":"<p>Zapraszamy na VII edycj\u0119 Miko\u0142ajek w sp\u00f3dnicy 7 grudnia br. start godz. 10:30 w Domu Kultury \u015awit G\u0142\u00f3wnym za\u0142o\u017ceniem projektu jest podarowanie prezentu \u015bwi\u0105tecznego nie tylko dzieciom, ale r\u00f3wnie\u017c ich mamom, babciom. W programie przewidziany jest szereg atrakcji. Dzieci obejrz\u0105 film animowany pt. \u201eGordon i Paddy\u201d i odwiedzi je \u015awi\u0119ty Miko\u0142aj. Dla pa\u0144 przygotowa\u0142y\u015bmy mini [&hellip;]<\/p>\n","protected":false},"author":2,"featured_media":2928,"comment_status":"closed","ping_status":"closed","sticky":false,"template":"","format":"standard","meta":{"footnotes":""},"categories":[],"tags":[],"_links":{"self":[{"href":"https:\/\/targowekwspodnicy.pl\/index.php?rest_route=\/wp\/v2\/posts\/2927"}],"collection":[{"href":"https:\/\/targowekwspodnicy.pl\/index.php?rest_route=\/wp\/v2\/posts"}],"about":[{"href":"https:\/\/targowekwspodnicy.pl\/index.php?rest_route=\/wp\/v2\/types\/post"}],"author":[{"embeddable":true,"href":"https:\/\/targowekwspodnicy.pl\/index.php?rest_route=\/wp\/v2\/users\/2"}],"replies":[{"embeddable":true,"href":"https:\/\/targowekwspodnicy.pl\/index.php?rest_route=%2Fwp%2Fv2%2Fcomments&post=2927"}],"version-history":[{"count":0,"href":"https:\/\/targowekwspodnicy.pl\/index.php?rest_route=\/wp\/v2\/posts\/2927\/revisions"}],"wp:featuredmedia":[{"embeddable":true,"href":"https:\/\/targowekwspodnicy.pl\/index.php?rest_route=\/wp\/v2\/media\/2928"}],"wp:attachment":[{"href":"https:\/\/targowekwspodnicy.pl\/index.php?rest_route=%2Fwp%2Fv2%2Fmedia&parent=2927"}],"wp:term":[{"taxonomy":"category","embeddable":true,"href":"https:\/\/targowekwspodnicy.pl\/index.php?rest_route=%2Fwp%2Fv2%2Fcategories&post=2927"},{"taxonomy":"post_tag","embeddable":true,"href":"https:\/\/targowekwspodnicy.pl\/index.php?rest_route=%2Fwp%2Fv2%2Ftags&post=2927"}],"curies":[{"name":"wp","href":"https:\/\/api.w.org\/{rel}","templated":true}]}}